{"id":471,"date":"2021-09-07T10:05:37","date_gmt":"2021-09-07T08:05:37","guid":{"rendered":"https:\/\/skilehrer.de\/?p=471"},"modified":"2021-09-07T10:08:07","modified_gmt":"2021-09-07T08:08:07","slug":"segel-event-start-18-9-25-9-2021","status":"publish","type":"post","link":"https:\/\/skilehrer.de\/?p=471","title":{"rendered":"Segel-Event Start 18.9.-25.9.2021"},"content":{"rendered":"\n<p>Das ausgebuchte Event &#8222;Segel-Flottille&#8220; startet in Kroatien am 18.9.2021. In einer sch\u00f6nen Woche segeln wir durch die kroatische Inselwelt und bearbeiten das Business-Thema &#8222;Digitalisierung im Rahmen Krankenhauszukunftsgesetz (KHZG)&#8220;<br><br>Die Termine f\u00fcr die Segel-Events Sommer 2022 mit und ohne Business-Themen werden in K\u00fcrze angek\u00fcndigt. Mehr auf <a href=\"http:\/\/www.OpenToBe.de\">https<\/a><a href=\"http:\/\/:\/\/opentobe.de\/?page_id=1291\">:\/\/opentobe.de\/?page_id=1291<\/a><\/p>\n","protected":false},"excerpt":{"rendered":"<p>Das ausgebuchte Event &#8222;Segel-Flottille&#8220; startet in Kroatien am 18.9.2021. In einer sch\u00f6nen Woche segeln wir durch die kroatische<\/p>\n","protected":false},"author":1,"featured_media":0,"comment_status":"closed","ping_status":"open","sticky":false,"template":"","format":"standard","meta":{"footnotes":""},"categories":[1],"tags":[],"class_list":["post-471","post","type-post","status-publish","format-standard","hentry","category-allgemein"],"_links":{"self":[{"href":"https:\/\/skilehrer.de\/index.php?rest_route=\/wp\/v2\/posts\/471","targetHints":{"allow":["GET"]}}],"collection":[{"href":"https:\/\/skilehrer.de\/index.php?rest_route=\/wp\/v2\/posts"}],"about":[{"href":"https:\/\/skilehrer.de\/index.php?rest_route=\/wp\/v2\/types\/post"}],"author":[{"embeddable":true,"href":"https:\/\/skilehrer.de\/index.php?rest_route=\/wp\/v2\/users\/1"}],"replies":[{"embeddable":true,"href":"https:\/\/skilehrer.de\/index.php?rest_route=%2Fwp%2Fv2%2Fcomments&post=471"}],"version-history":[{"count":4,"href":"https:\/\/skilehrer.de\/index.php?rest_route=\/wp\/v2\/posts\/471\/revisions"}],"predecessor-version":[{"id":475,"href":"https:\/\/skilehrer.de\/index.php?rest_route=\/wp\/v2\/posts\/471\/revisions\/475"}],"wp:attachment":[{"href":"https:\/\/skilehrer.de\/index.php?rest_route=%2Fwp%2Fv2%2Fmedia&parent=471"}],"wp:term":[{"taxonomy":"category","embeddable":true,"href":"https:\/\/skilehrer.de\/index.php?rest_route=%2Fwp%2Fv2%2Fcategories&post=471"},{"taxonomy":"post_tag","embeddable":true,"href":"https:\/\/skilehrer.de\/index.php?rest_route=%2Fwp%2Fv2%2Ftags&post=471"}],"curies":[{"name":"wp","href":"https:\/\/api.w.org\/{rel}","templated":true}]}}