{"id":606,"date":"2023-01-19T19:03:36","date_gmt":"2023-01-19T17:03:36","guid":{"rendered":"https:\/\/skilehrer.de\/?p=606"},"modified":"2023-01-22T16:27:03","modified_gmt":"2023-01-22T14:27:03","slug":"ski-event-vor-der-schlierseer-digitalhealth-konferenz","status":"publish","type":"post","link":"https:\/\/skilehrer.de\/?p=606","title":{"rendered":"Ski-Event am Sudelfeld (!) vor der &#8222;Schlierseer DigitalHealth Konferenz&#8220;"},"content":{"rendered":"\n<p>Wer zur <a href=\"https:\/\/www.DigitalHealth.social\">Konferenz<\/a> angemeldet ist, kann mit Partner\/in am Ski-Event teilnehmen. <\/p>\n\n\n\n<p>+++ Update 22.1.23: Heino Kuhlemann war gestern nochmal zum Check der Lage beim Skifahren. Wir fahren nun am 23.1. am Sudelfeld, da das Skigebiet dort wesentlich mehr Pisten im top Zustand hergerichtet und ge\u00f6ffnet hat. An dem aktuellen Vorteil f\u00fcr das Sudelfeld haben auch die letzten beiden winterlichen Tage nichts ge\u00e4ndert &#8211; eine kurze Anfahrt von 20 min. von der Alten Wurzh\u00fctte in unserer vielseitigen Wintersportregion, die sich aktuell sehr lohnt!<br><br><strong><a href=\"https:\/\/www.sudelfeld.de\/skischulen-und-verleihskigebiet-sudelfeld\/\">Skiverleih<\/a><\/strong> direkt an der Talstation Waldkopflift <\/p>\n\n\n\n<p><strong>Treffpunkt<\/strong>: Wir treffen uns <strong>um 09.30<\/strong> mit selbst gekauftem Skipass an der Talstation Waldkopflift neben dem Einstieg im Skigebiet <a href=\"https:\/\/www.sudelfeld.de\">Sudelfeld<\/a> und starten gemeinsam in einen sch\u00f6nen Skitag. Wir fahren uns gemeinsam mit kleinem Programm &#8222;Aufw\u00e4rmen im Einfahren&#8220; ein, lernen das Skigebiet kennen und planen ein kleines Technikprogramm f\u00fcr Interessierte. <br>Jeder wechselt an dem Tag frei zwischen freiem Fahren alleine oder in der Gruppe &#8211; v\u00f6llig l\u00e4ssig und ohne Verpflichtung f\u00fcr alle Beteiligten.<br><br>Mittagspause: <strong>Gegen 11.45<\/strong> auf der sch\u00f6nen <a href=\"https:\/\/www.speck-alm.de\/\">Speck-Alm<\/a> zum Kamingespr\u00e4ch, Tisch am offenen Kamin ist reserviert.<br>Wer den Treffpunkt um 09.30 morgens nicht schafft, kommt einfach sp\u00e4ter zur Speck-Alm!<br><br>Die Wanderer treffen wir daher am Abend in der Alten Wurzh\u00fctte! <\/p>\n\n\n\n<p>Wir freuen uns!<br><br>Heino Kuhlemann<\/p>\n\n\n\n<figure class=\"wp-block-image size-large\"><a href=\"https:\/\/skilehrer.de\/wp-content\/uploads\/2023\/01\/55FD91EA-E255-499A-AAA3-518FF040A141-scaled.jpeg\"><img loading=\"lazy\" decoding=\"async\" width=\"1024\" height=\"768\" src=\"https:\/\/skilehrer.de\/wp-content\/uploads\/2023\/01\/55FD91EA-E255-499A-AAA3-518FF040A141-1024x768.jpeg\" alt=\"\" class=\"wp-image-645\" srcset=\"https:\/\/skilehrer.de\/wp-content\/uploads\/2023\/01\/55FD91EA-E255-499A-AAA3-518FF040A141-1024x768.jpeg 1024w, https:\/\/skilehrer.de\/wp-content\/uploads\/2023\/01\/55FD91EA-E255-499A-AAA3-518FF040A141-300x225.jpeg 300w, https:\/\/skilehrer.de\/wp-content\/uploads\/2023\/01\/55FD91EA-E255-499A-AAA3-518FF040A141-768x576.jpeg 768w, https:\/\/skilehrer.de\/wp-content\/uploads\/2023\/01\/55FD91EA-E255-499A-AAA3-518FF040A141-1536x1152.jpeg 1536w, https:\/\/skilehrer.de\/wp-content\/uploads\/2023\/01\/55FD91EA-E255-499A-AAA3-518FF040A141-2048x1536.jpeg 2048w, https:\/\/skilehrer.de\/wp-content\/uploads\/2023\/01\/55FD91EA-E255-499A-AAA3-518FF040A141-700x525.jpeg 700w\" sizes=\"auto, (max-width: 1024px) 100vw, 1024px\" \/><\/a><\/figure>\n\n\n\n<p><br><br><\/p>\n","protected":false},"excerpt":{"rendered":"<p>Wer zur Konferenz angemeldet ist, kann mit Partner\/in am Ski-Event teilnehmen. +++ Update 22.1.23: Heino Kuhlemann war gestern<\/p>\n","protected":false},"author":1,"featured_media":644,"comment_status":"closed","ping_status":"closed","sticky":false,"template":"","format":"standard","meta":{"footnotes":""},"categories":[1],"tags":[],"class_list":["post-606","post","type-post","status-publish","format-standard","has-post-thumbnail","hentry","category-allgemein"],"_links":{"self":[{"href":"https:\/\/skilehrer.de\/index.php?rest_route=\/wp\/v2\/posts\/606","targetHints":{"allow":["GET"]}}],"collection":[{"href":"https:\/\/skilehrer.de\/index.php?rest_route=\/wp\/v2\/posts"}],"about":[{"href":"https:\/\/skilehrer.de\/index.php?rest_route=\/wp\/v2\/types\/post"}],"author":[{"embeddable":true,"href":"https:\/\/skilehrer.de\/index.php?rest_route=\/wp\/v2\/users\/1"}],"replies":[{"embeddable":true,"href":"https:\/\/skilehrer.de\/index.php?rest_route=%2Fwp%2Fv2%2Fcomments&post=606"}],"version-history":[{"count":35,"href":"https:\/\/skilehrer.de\/index.php?rest_route=\/wp\/v2\/posts\/606\/revisions"}],"predecessor-version":[{"id":675,"href":"https:\/\/skilehrer.de\/index.php?rest_route=\/wp\/v2\/posts\/606\/revisions\/675"}],"wp:featuredmedia":[{"embeddable":true,"href":"https:\/\/skilehrer.de\/index.php?rest_route=\/wp\/v2\/media\/644"}],"wp:attachment":[{"href":"https:\/\/skilehrer.de\/index.php?rest_route=%2Fwp%2Fv2%2Fmedia&parent=606"}],"wp:term":[{"taxonomy":"category","embeddable":true,"href":"https:\/\/skilehrer.de\/index.php?rest_route=%2Fwp%2Fv2%2Fcategories&post=606"},{"taxonomy":"post_tag","embeddable":true,"href":"https:\/\/skilehrer.de\/index.php?rest_route=%2Fwp%2Fv2%2Ftags&post=606"}],"curies":[{"name":"wp","href":"https:\/\/api.w.org\/{rel}","templated":true}]}}